{"id":5898,"date":"2023-05-16T21:56:25","date_gmt":"2023-05-16T20:56:25","guid":{"rendered":"http:\/\/www.sfup.org\/sfupwp\/?p=5898"},"modified":"2026-04-18T00:30:19","modified_gmt":"2026-04-17T23:30:19","slug":"9-o-aniversario-chorusup","status":"publish","type":"post","link":"https:\/\/www.sfup.org\/sfupwp\/9-o-aniversario-chorusup\/","title":{"rendered":"9.\u00ba Anivers\u00e1rio &#8211; Chorus&#8217;UP"},"content":{"rendered":"<p>No dia 21 de maio, pelas 15 horas, o Chorus&#8217;UP comemorar\u00e1 o seu 9.\u00ba anivers\u00e1rio.<\/p>\n<p>Contar\u00e1, para tal, com a participa\u00e7\u00e3o especial do <strong>Coro Polif\u00f3nico Naco Cantat.<\/strong><\/p>\n<p><img fetchpriority=\"high\" decoding=\"async\" class=\"alignnone size-full wp-image-5899\" src=\"https:\/\/www.sfup.org\/sfupwp\/wp-content\/uploads\/2023\/05\/WhatsApp-Image-2023-05-16-at-21.53.01.jpeg\" alt=\"WhatsApp Image 2023-05-16 at 21.53.01\" width=\"1080\" height=\"1528\" srcset=\"https:\/\/www.sfup.org\/sfupwp\/wp-content\/uploads\/2023\/05\/WhatsApp-Image-2023-05-16-at-21.53.01.jpeg 1080w, https:\/\/www.sfup.org\/sfupwp\/wp-content\/uploads\/2023\/05\/WhatsApp-Image-2023-05-16-at-21.53.01-212x300.jpeg 212w, https:\/\/www.sfup.org\/sfupwp\/wp-content\/uploads\/2023\/05\/WhatsApp-Image-2023-05-16-at-21.53.01-724x1024.jpeg 724w, https:\/\/www.sfup.org\/sfupwp\/wp-content\/uploads\/2023\/05\/WhatsApp-Image-2023-05-16-at-21.53.01-768x1087.jpeg 768w\" sizes=\"(max-width: 1080px) 100vw, 1080px\" \/><\/p>\n","protected":false},"excerpt":{"rendered":"<p>No dia 21 de maio, pelas 15 horas, o Chorus&#8217;UP comemorar\u00e1 o seu 9.\u00ba anivers\u00e1rio. Contar\u00e1, para tal, com a participa\u00e7\u00e3o especial do Coro Polif\u00f3nico Naco Cantat.<\/p>\n","protected":false},"author":11,"featured_media":5899,"comment_status":"closed","ping_status":"open","sticky":false,"template":"","format":"standard","meta":{"footnotes":""},"categories":[5],"tags":[108,98,97,111,105,94],"class_list":["post-5898","post","type-post","status-publish","format-standard","has-post-thumbnail","hentry","category-noticias","tag-aniversario","tag-chorusup","tag-concerto","tag-coro","tag-espetaculo","tag-festa"],"_links":{"self":[{"href":"https:\/\/www.sfup.org\/sfupwp\/wp-json\/wp\/v2\/posts\/5898","targetHints":{"allow":["GET"]}}],"collection":[{"href":"https:\/\/www.sfup.org\/sfupwp\/wp-json\/wp\/v2\/posts"}],"about":[{"href":"https:\/\/www.sfup.org\/sfupwp\/wp-json\/wp\/v2\/types\/post"}],"author":[{"embeddable":true,"href":"https:\/\/www.sfup.org\/sfupwp\/wp-json\/wp\/v2\/users\/11"}],"replies":[{"embeddable":true,"href":"https:\/\/www.sfup.org\/sfupwp\/wp-json\/wp\/v2\/comments?post=5898"}],"version-history":[{"count":1,"href":"https:\/\/www.sfup.org\/sfupwp\/wp-json\/wp\/v2\/posts\/5898\/revisions"}],"predecessor-version":[{"id":5900,"href":"https:\/\/www.sfup.org\/sfupwp\/wp-json\/wp\/v2\/posts\/5898\/revisions\/5900"}],"wp:featuredmedia":[{"embeddable":true,"href":"https:\/\/www.sfup.org\/sfupwp\/wp-json\/wp\/v2\/media\/5899"}],"wp:attachment":[{"href":"https:\/\/www.sfup.org\/sfupwp\/wp-json\/wp\/v2\/media?parent=5898"}],"wp:term":[{"taxonomy":"category","embeddable":true,"href":"https:\/\/www.sfup.org\/sfupwp\/wp-json\/wp\/v2\/categories?post=5898"},{"taxonomy":"post_tag","embeddable":true,"href":"https:\/\/www.sfup.org\/sfupwp\/wp-json\/wp\/v2\/tags?post=5898"}],"curies":[{"name":"wp","href":"https:\/\/api.w.org\/{rel}","templated":true}]}}