{"id":5886,"date":"2023-03-22T15:38:18","date_gmt":"2023-03-22T14:38:18","guid":{"rendered":"http:\/\/www.sfup.org\/sfupwp\/?p=5886"},"modified":"2026-04-18T00:31:55","modified_gmt":"2026-04-17T23:31:55","slug":"karate-provas-oficiais","status":"publish","type":"post","link":"https:\/\/www.sfup.org\/sfupwp\/karate-provas-oficiais\/","title":{"rendered":"Karat\u00e9 &#8211; provas oficiais"},"content":{"rendered":"<p>No passado dia 19 de Mar\u00e7o de 2023, realizou-se o 1\u00b0 Open de Karat\u00e9 de Odivelas.<\/p>\n<div dir=\"auto\">Estiveram presente 550 competidores oriundos da Alemanha, Inglaterra e Portugal.<\/div>\n<div dir=\"auto\">\nO grupo de Karat\u00e9 da Sociedade Filarm\u00f3nica Uni\u00e3o Pinheirense (SFUP), estreou-se nestas provas de elevado n\u00edvel,\u00a0 com os seguintes competidores na vertente de Kumite (combate):<\/p>\n<p>&#8211; S\u00c9RGIO CUNHA na Cat.\u00a0S\u00e9nior Masc. -67kg<br \/>\nTeve uma \u00f3tima presta\u00e7\u00e3o no seu primeiro combate, tendo sido eliminado pela margem m\u00ednima, pelo competidor que veio a consagrar-se campe\u00e3o.<\/p>\n<p>&#8211; RODRIGO DIAS na Cat. Cadete Masc. -70kg<br \/>\nPassou v\u00e1rias etapas e foi eliminado no combate da disputa pelas medalhas, alcan\u00e7ando um \u00f3timo 5\u00b0 lugar.<\/p>\n<p>&#8211; RODRIGO NOVA na Cat. J\u00fanior Masc. +76kg<br \/>\nTeve uma presta\u00e7\u00e3o de elevado n\u00edvel, passando v\u00e1rias eliminat\u00f3rias at\u00e9 chegar aos lugares mais almejados, alcan\u00e7ando um excelente 2\u00b0 lugar no p\u00f3dio.<\/p>\n<p>O grupo de competi\u00e7\u00e3o de Karat\u00e9 da SFUP, est\u00e1 de Parab\u00e9ns pelo \u00f3timo trabalho que tem desenvolvido e por todos os dias, nos enchem de orgulho.<\/p>\n<p>Citando\u00a0M\u00e1rio Moniz Pereira<br \/>\n<b>&#8220;A Sorte d\u00e1 Muito Trabalho&#8221;<\/b><\/div>\n<div dir=\"auto\"><img fetchpriority=\"high\" decoding=\"async\" class=\"alignnone size-full wp-image-5887\" src=\"https:\/\/www.sfup.org\/sfupwp\/wp-content\/uploads\/2023\/03\/IMG-20230321-WA0021.jpg\" alt=\"IMG-20230321-WA0021\" width=\"1080\" height=\"1080\" srcset=\"https:\/\/www.sfup.org\/sfupwp\/wp-content\/uploads\/2023\/03\/IMG-20230321-WA0021.jpg 1080w, https:\/\/www.sfup.org\/sfupwp\/wp-content\/uploads\/2023\/03\/IMG-20230321-WA0021-300x300.jpg 300w, https:\/\/www.sfup.org\/sfupwp\/wp-content\/uploads\/2023\/03\/IMG-20230321-WA0021-1024x1024.jpg 1024w, https:\/\/www.sfup.org\/sfupwp\/wp-content\/uploads\/2023\/03\/IMG-20230321-WA0021-150x150.jpg 150w, https:\/\/www.sfup.org\/sfupwp\/wp-content\/uploads\/2023\/03\/IMG-20230321-WA0021-768x768.jpg 768w\" sizes=\"(max-width: 1080px) 100vw, 1080px\" \/> <img decoding=\"async\" class=\"alignnone size-full wp-image-5888\" src=\"https:\/\/www.sfup.org\/sfupwp\/wp-content\/uploads\/2023\/03\/IMG-20230321-WA0022.jpg\" alt=\"IMG-20230321-WA0022\" width=\"1080\" height=\"1080\" srcset=\"https:\/\/www.sfup.org\/sfupwp\/wp-content\/uploads\/2023\/03\/IMG-20230321-WA0022.jpg 1080w, https:\/\/www.sfup.org\/sfupwp\/wp-content\/uploads\/2023\/03\/IMG-20230321-WA0022-300x300.jpg 300w, https:\/\/www.sfup.org\/sfupwp\/wp-content\/uploads\/2023\/03\/IMG-20230321-WA0022-1024x1024.jpg 1024w, https:\/\/www.sfup.org\/sfupwp\/wp-content\/uploads\/2023\/03\/IMG-20230321-WA0022-150x150.jpg 150w, https:\/\/www.sfup.org\/sfupwp\/wp-content\/uploads\/2023\/03\/IMG-20230321-WA0022-768x768.jpg 768w\" sizes=\"(max-width: 1080px) 100vw, 1080px\" \/> <img decoding=\"async\" class=\"alignnone size-full wp-image-5889\" src=\"https:\/\/www.sfup.org\/sfupwp\/wp-content\/uploads\/2023\/03\/IMG-20230321-WA0020.jpg\" alt=\"IMG-20230321-WA0020\" width=\"1080\" height=\"1080\" srcset=\"https:\/\/www.sfup.org\/sfupwp\/wp-content\/uploads\/2023\/03\/IMG-20230321-WA0020.jpg 1080w, https:\/\/www.sfup.org\/sfupwp\/wp-content\/uploads\/2023\/03\/IMG-20230321-WA0020-300x300.jpg 300w, https:\/\/www.sfup.org\/sfupwp\/wp-content\/uploads\/2023\/03\/IMG-20230321-WA0020-1024x1024.jpg 1024w, https:\/\/www.sfup.org\/sfupwp\/wp-content\/uploads\/2023\/03\/IMG-20230321-WA0020-150x150.jpg 150w, https:\/\/www.sfup.org\/sfupwp\/wp-content\/uploads\/2023\/03\/IMG-20230321-WA0020-768x768.jpg 768w\" sizes=\"(max-width: 1080px) 100vw, 1080px\" \/><\/div>\n","protected":false},"excerpt":{"rendered":"<p>No passado dia 19 de Mar\u00e7o de 2023, realizou-se o 1\u00b0 Open de Karat\u00e9 de Odivelas. Estiveram presente 550 competidores oriundos da Alemanha, Inglaterra e Portugal. O grupo de Karat\u00e9 [&hellip;]<\/p>\n","protected":false},"author":11,"featured_media":5404,"comment_status":"closed","ping_status":"open","sticky":false,"template":"","format":"standard","meta":{"footnotes":""},"categories":[5],"tags":[116],"class_list":["post-5886","post","type-post","status-publish","format-standard","has-post-thumbnail","hentry","category-noticias","tag-karate"],"_links":{"self":[{"href":"https:\/\/www.sfup.org\/sfupwp\/wp-json\/wp\/v2\/posts\/5886","targetHints":{"allow":["GET"]}}],"collection":[{"href":"https:\/\/www.sfup.org\/sfupwp\/wp-json\/wp\/v2\/posts"}],"about":[{"href":"https:\/\/www.sfup.org\/sfupwp\/wp-json\/wp\/v2\/types\/post"}],"author":[{"embeddable":true,"href":"https:\/\/www.sfup.org\/sfupwp\/wp-json\/wp\/v2\/users\/11"}],"replies":[{"embeddable":true,"href":"https:\/\/www.sfup.org\/sfupwp\/wp-json\/wp\/v2\/comments?post=5886"}],"version-history":[{"count":1,"href":"https:\/\/www.sfup.org\/sfupwp\/wp-json\/wp\/v2\/posts\/5886\/revisions"}],"predecessor-version":[{"id":5890,"href":"https:\/\/www.sfup.org\/sfupwp\/wp-json\/wp\/v2\/posts\/5886\/revisions\/5890"}],"wp:featuredmedia":[{"embeddable":true,"href":"https:\/\/www.sfup.org\/sfupwp\/wp-json\/wp\/v2\/media\/5404"}],"wp:attachment":[{"href":"https:\/\/www.sfup.org\/sfupwp\/wp-json\/wp\/v2\/media?parent=5886"}],"wp:term":[{"taxonomy":"category","embeddable":true,"href":"https:\/\/www.sfup.org\/sfupwp\/wp-json\/wp\/v2\/categories?post=5886"},{"taxonomy":"post_tag","embeddable":true,"href":"https:\/\/www.sfup.org\/sfupwp\/wp-json\/wp\/v2\/tags?post=5886"}],"curies":[{"name":"wp","href":"https:\/\/api.w.org\/{rel}","templated":true}]}}