{"id":5808,"date":"2022-01-26T14:56:41","date_gmt":"2022-01-26T13:56:41","guid":{"rendered":"http:\/\/www.sfup.org\/sfupwp\/?p=5808"},"modified":"2026-04-18T00:32:01","modified_gmt":"2026-04-17T23:32:01","slug":"exames-de-graduacao-karate","status":"publish","type":"post","link":"https:\/\/www.sfup.org\/sfupwp\/exames-de-graduacao-karate\/","title":{"rendered":"Exames de gradua\u00e7\u00e3o &#8211; Karat\u00e9"},"content":{"rendered":"<div class=\"kvgmc6g5 cxmmr5t8 oygrvhab hcukyx3x c1et5uql ii04i59q\">\n<div dir=\"auto\">No dia 22 de janeiro, a ANAM realizou os exames de gradua\u00e7\u00e3o dos v\u00e1rios dojos associados. A SFUP esteve presente com 5 candidatos a nova gradua\u00e7\u00e3o.<\/div>\n<\/div>\n<div class=\"cxmmr5t8 oygrvhab hcukyx3x c1et5uql o9v6fnle ii04i59q\">\n<div dir=\"auto\">Todos os Karatekas propostos obtiveram uma nova gradua\u00e7\u00e3o (cintur\u00e3o). Destacamos os 4 Cintos verdes candidatos a cinto azul: Jo\u00e3o Carvalhosa, Rodrigo Nova, Francisco Morais e Rodrigo Medeiros, que passaram com nota de distin\u00e7\u00e3o (muito dif\u00edcil um candidato obter em exames de gradua\u00e7\u00e3o).<\/div>\n<\/div>\n<div class=\"cxmmr5t8 oygrvhab hcukyx3x c1et5uql o9v6fnle ii04i59q\">\n<div dir=\"auto\">O Igor Oliveira passou para 1 kyu, gradua\u00e7\u00e3o anterior \u00e0 de cintur\u00e3o negro.<\/div>\n<\/div>\n<div class=\"cxmmr5t8 oygrvhab hcukyx3x c1et5uql o9v6fnle ii04i59q\">\n<div dir=\"auto\">Os nossos karatecas est\u00e3o de parab\u00e9ns!<\/div>\n<div dir=\"auto\"><img fetchpriority=\"high\" decoding=\"async\" class=\"alignnone size-full wp-image-5809\" src=\"https:\/\/www.sfup.org\/sfupwp\/wp-content\/uploads\/2022\/01\/FB_IMG_1643070287642.jpg\" alt=\"FB_IMG_1643070287642\" width=\"720\" height=\"960\" srcset=\"https:\/\/www.sfup.org\/sfupwp\/wp-content\/uploads\/2022\/01\/FB_IMG_1643070287642.jpg 720w, https:\/\/www.sfup.org\/sfupwp\/wp-content\/uploads\/2022\/01\/FB_IMG_1643070287642-225x300.jpg 225w\" sizes=\"(max-width: 720px) 100vw, 720px\" \/> <img decoding=\"async\" class=\"alignnone size-full wp-image-5810\" src=\"https:\/\/www.sfup.org\/sfupwp\/wp-content\/uploads\/2022\/01\/FB_IMG_1643070281588.jpg\" alt=\"FB_IMG_1643070281588\" width=\"720\" height=\"960\" srcset=\"https:\/\/www.sfup.org\/sfupwp\/wp-content\/uploads\/2022\/01\/FB_IMG_1643070281588.jpg 720w, https:\/\/www.sfup.org\/sfupwp\/wp-content\/uploads\/2022\/01\/FB_IMG_1643070281588-225x300.jpg 225w\" sizes=\"(max-width: 720px) 100vw, 720px\" \/><\/div>\n<\/div>\n","protected":false},"excerpt":{"rendered":"<p>No dia 22 de janeiro, a ANAM realizou os exames de gradua\u00e7\u00e3o dos v\u00e1rios dojos associados. A SFUP esteve presente com 5 candidatos a nova gradua\u00e7\u00e3o. Todos os Karatekas propostos [&hellip;]<\/p>\n","protected":false},"author":11,"featured_media":5809,"comment_status":"closed","ping_status":"open","sticky":false,"template":"","format":"standard","meta":{"footnotes":""},"categories":[5],"tags":[116],"class_list":["post-5808","post","type-post","status-publish","format-standard","has-post-thumbnail","hentry","category-noticias","tag-karate"],"_links":{"self":[{"href":"https:\/\/www.sfup.org\/sfupwp\/wp-json\/wp\/v2\/posts\/5808","targetHints":{"allow":["GET"]}}],"collection":[{"href":"https:\/\/www.sfup.org\/sfupwp\/wp-json\/wp\/v2\/posts"}],"about":[{"href":"https:\/\/www.sfup.org\/sfupwp\/wp-json\/wp\/v2\/types\/post"}],"author":[{"embeddable":true,"href":"https:\/\/www.sfup.org\/sfupwp\/wp-json\/wp\/v2\/users\/11"}],"replies":[{"embeddable":true,"href":"https:\/\/www.sfup.org\/sfupwp\/wp-json\/wp\/v2\/comments?post=5808"}],"version-history":[{"count":1,"href":"https:\/\/www.sfup.org\/sfupwp\/wp-json\/wp\/v2\/posts\/5808\/revisions"}],"predecessor-version":[{"id":5811,"href":"https:\/\/www.sfup.org\/sfupwp\/wp-json\/wp\/v2\/posts\/5808\/revisions\/5811"}],"wp:featuredmedia":[{"embeddable":true,"href":"https:\/\/www.sfup.org\/sfupwp\/wp-json\/wp\/v2\/media\/5809"}],"wp:attachment":[{"href":"https:\/\/www.sfup.org\/sfupwp\/wp-json\/wp\/v2\/media?parent=5808"}],"wp:term":[{"taxonomy":"category","embeddable":true,"href":"https:\/\/www.sfup.org\/sfupwp\/wp-json\/wp\/v2\/categories?post=5808"},{"taxonomy":"post_tag","embeddable":true,"href":"https:\/\/www.sfup.org\/sfupwp\/wp-json\/wp\/v2\/tags?post=5808"}],"curies":[{"name":"wp","href":"https:\/\/api.w.org\/{rel}","templated":true}]}}