{"id":5802,"date":"2022-01-25T09:54:43","date_gmt":"2022-01-25T08:54:43","guid":{"rendered":"http:\/\/www.sfup.org\/sfupwp\/?p=5802"},"modified":"2026-04-18T00:32:39","modified_gmt":"2026-04-17T23:32:39","slug":"assembleias-gerais-ordinarias","status":"publish","type":"post","link":"https:\/\/www.sfup.org\/sfupwp\/assembleias-gerais-ordinarias\/","title":{"rendered":"Assembleias Gerais Ordin\u00e1rias"},"content":{"rendered":"<p>Caro(a) S\u00f3cio(a),<\/p>\n<p>A sua presen\u00e7a nas Assembleias Gerais que se v\u00e3o realizar no pr\u00f3ximo s\u00e1bado \u00e9 importante, n\u00e3o s\u00f3 porque tem direito a inteirar-se de como a sua associa\u00e7\u00e3o \u00e9 governada, como tamb\u00e9m \u00e9 uma demonstra\u00e7\u00e3o de solidariedade com todos aqueles que, desde a dire\u00e7\u00e3o, secretariados e elementos que comp\u00f5em\u00a0 as sec\u00e7\u00f5es, trabalham ao longo dos meses para fazer uma associa\u00e7\u00e3o cada vez melhor para todos.<\/p>\n<p>Assim, contamos com a sua presen\u00e7a!<\/p>\n<p><img fetchpriority=\"high\" decoding=\"async\" class=\"alignnone size-full wp-image-5805\" src=\"https:\/\/www.sfup.org\/sfupwp\/wp-content\/uploads\/2022\/01\/Captura-de-ecr\u00e3-2022-01-25-084732.png\" alt=\"Captura de ecr\u00e3 2022-01-25 084732\" width=\"483\" height=\"541\" srcset=\"https:\/\/www.sfup.org\/sfupwp\/wp-content\/uploads\/2022\/01\/Captura-de-ecr\u00e3-2022-01-25-084732.png 483w, https:\/\/www.sfup.org\/sfupwp\/wp-content\/uploads\/2022\/01\/Captura-de-ecr\u00e3-2022-01-25-084732-268x300.png 268w\" sizes=\"(max-width: 483px) 100vw, 483px\" \/> <img decoding=\"async\" class=\"alignnone size-full wp-image-5806\" src=\"https:\/\/www.sfup.org\/sfupwp\/wp-content\/uploads\/2022\/01\/Captura-de-ecr\u00e3-2022-01-25-085204.png\" alt=\"Captura de ecr\u00e3 2022-01-25 085204\" width=\"537\" height=\"691\" srcset=\"https:\/\/www.sfup.org\/sfupwp\/wp-content\/uploads\/2022\/01\/Captura-de-ecr\u00e3-2022-01-25-085204.png 537w, https:\/\/www.sfup.org\/sfupwp\/wp-content\/uploads\/2022\/01\/Captura-de-ecr\u00e3-2022-01-25-085204-233x300.png 233w\" sizes=\"(max-width: 537px) 100vw, 537px\" \/><\/p>\n","protected":false},"excerpt":{"rendered":"<p>Caro(a) S\u00f3cio(a), A sua presen\u00e7a nas Assembleias Gerais que se v\u00e3o realizar no pr\u00f3ximo s\u00e1bado \u00e9 importante, n\u00e3o s\u00f3 porque tem direito a inteirar-se de como a sua associa\u00e7\u00e3o \u00e9 [&hellip;]<\/p>\n","protected":false},"author":11,"featured_media":5806,"comment_status":"closed","ping_status":"open","sticky":false,"template":"","format":"standard","meta":{"footnotes":""},"categories":[5],"tags":[112],"class_list":["post-5802","post","type-post","status-publish","format-standard","has-post-thumbnail","hentry","category-noticias","tag-assembleia-geral"],"_links":{"self":[{"href":"https:\/\/www.sfup.org\/sfupwp\/wp-json\/wp\/v2\/posts\/5802","targetHints":{"allow":["GET"]}}],"collection":[{"href":"https:\/\/www.sfup.org\/sfupwp\/wp-json\/wp\/v2\/posts"}],"about":[{"href":"https:\/\/www.sfup.org\/sfupwp\/wp-json\/wp\/v2\/types\/post"}],"author":[{"embeddable":true,"href":"https:\/\/www.sfup.org\/sfupwp\/wp-json\/wp\/v2\/users\/11"}],"replies":[{"embeddable":true,"href":"https:\/\/www.sfup.org\/sfupwp\/wp-json\/wp\/v2\/comments?post=5802"}],"version-history":[{"count":1,"href":"https:\/\/www.sfup.org\/sfupwp\/wp-json\/wp\/v2\/posts\/5802\/revisions"}],"predecessor-version":[{"id":5807,"href":"https:\/\/www.sfup.org\/sfupwp\/wp-json\/wp\/v2\/posts\/5802\/revisions\/5807"}],"wp:featuredmedia":[{"embeddable":true,"href":"https:\/\/www.sfup.org\/sfupwp\/wp-json\/wp\/v2\/media\/5806"}],"wp:attachment":[{"href":"https:\/\/www.sfup.org\/sfupwp\/wp-json\/wp\/v2\/media?parent=5802"}],"wp:term":[{"taxonomy":"category","embeddable":true,"href":"https:\/\/www.sfup.org\/sfupwp\/wp-json\/wp\/v2\/categories?post=5802"},{"taxonomy":"post_tag","embeddable":true,"href":"https:\/\/www.sfup.org\/sfupwp\/wp-json\/wp\/v2\/tags?post=5802"}],"curies":[{"name":"wp","href":"https:\/\/api.w.org\/{rel}","templated":true}]}}