{"id":5741,"date":"2021-03-25T13:32:58","date_gmt":"2021-03-25T12:32:58","guid":{"rendered":"http:\/\/www.sfup.org\/sfupwp\/?p=5741"},"modified":"2026-04-18T00:32:43","modified_gmt":"2026-04-17T23:32:43","slug":"a-conversa-com-paulo-piteira","status":"publish","type":"post","link":"https:\/\/www.sfup.org\/sfupwp\/a-conversa-com-paulo-piteira\/","title":{"rendered":"\u00c0 conversa com&#8230; Paulo Piteira!"},"content":{"rendered":"<p><img fetchpriority=\"high\" decoding=\"async\" class=\"alignnone size-full wp-image-5743 aligncenter\" src=\"https:\/\/www.sfup.org\/sfupwp\/wp-content\/uploads\/2021\/03\/loures_cm-2.jpg\" alt=\"Vereador_Paulo_Piteira\" width=\"193\" height=\"278\" \/><\/p>\n<p><strong>No final do ano passado, sent\u00e1mo-nos com Paulo Piteira, Vice-Presidente da C\u00e2mara Municipal de Loures e Vereador da Cultura, e fizemos-lhe algumas\u00a0perguntas&#8230;umas mais decentes que outras.\u00a0<\/strong><\/p>\n<p><span style=\"color: #999999;\"><strong>Lu\u00eds Vaz<\/strong><\/span><br \/>\n<span style=\"color: #999999;\">O vice-presidente Paulo Piteira \u00e9 conhecido entre outras coisas por ser alto. T\u00e3o alto que n\u00f3s ach\u00e1mos que n\u00e3o era aquela pessoa que vinha no carro \u00e0 nossa frente, que ach\u00e1vamos que era mais alto\u2026<\/span><\/p>\n<p><strong>Paulo Piteira<\/strong><br \/>\n(Ri-se) Eu vinha esticado\u2026<\/p>\n<p><span style=\"color: #999999;\"><strong>Lu\u00eds Vaz<\/strong><\/span><br \/>\n<span style=\"color: #999999;\">\u2026mas certamente j\u00e1 foi pequeno. E, nessa altura, o que \u00e9 que queria ser quando fosse maior?<\/span><\/p>\n<p><strong>Paulo Piteira<\/strong><br \/>\nQuis ser v\u00e1rias coisas, como acontece com todas as crian\u00e7as. Eu acho que a primeira coisa que quis ser era cientista. Achava que era uma coisa engra\u00e7ada, descobrir coisas novas e diferentes\u2026 E como tinha um certo gosto pelas coisas ligadas \u00e0 ci\u00eancia, era normal ser assim\u2026 Depois, a vida foi evoluindo e eu acho que deixei de ter gostos muito definidos. N\u00f3s vivemos numa sociedade que tem assim muitas incertezas e eu acabei por ir tentando aproveitar as coisas que me foram surgindo. E ao longo da vida j\u00e1 fiz v\u00e1rias coisas. J\u00e1 trabalhei em editoras, j\u00e1 trabalhei em empresas de estacionamento, coisas muito diversas\u2026<\/p>\n<p><strong><span style=\"color: #999999;\">Fernando Lopes<\/span><\/strong><br \/>\n<span style=\"color: #999999;\">Imagine o seguinte panorama (ali\u00e1s, algo que esperemos que nunca aconte\u00e7a): a sua vida de vereador pode eventualmente ser muito stressante, mas digamos que o stress era mesmo muito. Entretanto tem que ir ao m\u00e9dico e o m\u00e9dico aconselha-o, para descontrair, a praticar uma actividade f\u00edsica. E ent\u00e3o decide ir \u00e0 SFUP e inscreve-se no teatro. Que papel \u00e9 que gostava de representar?<\/span><\/p>\n<p><strong>Paulo Piteira<\/strong><br \/>\nEi\u2026, isso \u00e9 uma pergunta\u2026. H\u00e1 tantos pap\u00e9is que se possam representar que \u00e9 dif\u00edcil\u2026 (Faz um grande sil\u00eancio)<\/p>\n<p><strong><span style=\"color: #999999;\">Fernando Lopes<\/span><\/strong><br \/>\n<span style=\"color: #999999;\">Um vil\u00e3o\u2026 um rom\u00e2ntico (cantarola)\u2026<\/span><\/p>\n<p><strong><span style=\"color: #999999;\">Lu\u00eds Vaz<\/span><\/strong><br \/>\n<span style=\"color: #999999;\">Os vil\u00f5es s\u00e3o muito bons de se fazer\u2026<\/span><\/p>\n<p><strong>Paulo Piteira<\/strong><br \/>\n\u2026 os vil\u00f5es s\u00e3o uma coisa mais desafiante de se fazer, sem d\u00favida nenhuma\u2026 Os bonzinhos e os rom\u00e2nticos podem n\u00e3o ser t\u00e3o interessantes\u2026<\/p>\n<p><strong><span style=\"color: #999999;\">Lu\u00eds Vaz<\/span><\/strong><br \/>\n<span style=\"color: #999999;\">O vice tamb\u00e9m \u00e9 conhecido por ser uma pessoa directa, frontal, mas muito cordial e educada. J\u00e1 alguma vez teve vontade de mandar algu\u00e9m para aquele lado?<\/span><br \/>\n<strong>Paulo Piteira<\/strong><br \/>\nIsso acontece-nos a todos seguramente muitas vezes na vida\u2026 N\u00e3o vou de facto entrar em pormenores, mas algumas personagens com que me tenho cruzado na vida pol\u00edtica (e que ali\u00e1s continuam a\u00ed, perfeitamente vivos e activos, e at\u00e9 em crescendo nalguns casos), s\u00e3o personagens relativamente \u00e0s quais eu gostaria de, \u00e0s vezes, dizer algumas coisas. Mas, como se costuma dizer, a educa\u00e7\u00e3o que recebi dos meus pais n\u00e3o me permite faz\u00ea-lo.<\/p>\n<p><strong><span style=\"color: #999999;\">Lu\u00eds Vaz<\/span><\/strong><br \/>\n<span style=\"color: #999999;\">Se pudesse publicar nas redes sociais sem se importar com o que as pessoas poderiam pensar, o que \u00e9 que publicaria?<\/span><\/p>\n<p><strong>Paulo Piteira<\/strong><br \/>\nN\u00e3o publicava, seguramente. As redes sociais n\u00e3o fazem o meu g\u00e9nero. Acho que se converteram num espa\u00e7o de grande irresponsabilidade em rela\u00e7\u00e3o \u00e0quilo que se vai dizendo e n\u00e3o se enquadram muito com a forma que eu tenho de estar na vida. Passo por l\u00e1, como toda a gente, tamb\u00e9m publico de quando em vez algumas coisas de cariz institucional (mensagens mais sobre a atividade municipal), mas n\u00e3o \u00e9 bem a minha praia.<\/p>\n<p><strong><span style=\"color: #999999;\">Fernando Lopes<\/span><\/strong><br \/>\n<span style=\"color: #999999;\">Durante a sua vida, j\u00e1 contou alguma mentira, mas uma daquelas mentiras t\u00e3o grandes que at\u00e9 a si lhe custou acreditar? Qual?<\/span><\/p>\n<p>(Paulo Piteira faz uma grande pausa.)<\/p>\n<p><strong><span style=\"color: #999999;\">Lu\u00eds Vaz<\/span><\/strong><br \/>\n<span style=\"color: #999999;\">N\u00e3o sei se o vereador vai responder a esta\u2026<\/span><\/p>\n<p><strong>Paulo Piteira<\/strong><br \/>\n\u00c9 dif\u00edcil, realmente. Uma mentira t\u00e3o grande-t\u00e3o grande que at\u00e9 a mim me custou acreditar? Talvez as minhas idas \u00e0 pesca e as minhas capturas magn\u00edficas\u2026<\/p>\n<p><strong><span style=\"color: #999999;\">Fernando Lopes <\/span><\/strong><br \/>\n<span style=\"color: #999999;\">(Ri-se) Isso \u00e9 t\u00edpico dos pescadores. Mas \u00e9 pescador?<\/span><\/p>\n<p><strong>Paulo Piteira<\/strong><br \/>\nSou.<\/p>\n<p><strong><span style=\"color: #999999;\">Lu\u00eds Vaz<\/span><\/strong><br \/>\n<span style=\"color: #999999;\">Mas j\u00e1 passou por alguma peixaria?<\/span><\/p>\n<p><strong>Paulo Piteira<\/strong><br \/>\nAh! n\u00e3o cheguei a tanto, mas j\u00e1 estive para levar. At\u00e9 porque o dia inteiro ali naquela vida e chegar a casa de m\u00e3os a abanar, ou de balde, como se costuma dizer, n\u00e3o \u00e9 uma coisa agrad\u00e1vel.<\/p>\n<p><strong><span style=\"color: #999999;\">Lu\u00eds Vaz<\/span><\/strong><br \/>\n<span style=\"color: #999999;\">Qual foi o conselho que lhe deram, que n\u00e3o seguiu, e depois se arrependeu?<\/span><\/p>\n<p><strong>Paulo Piteira<\/strong><br \/>\nV\u00e1rios, com certeza. Um conselho que me deram, e que guardo como uma coisa que de facto n\u00e3o segui, foi o de n\u00e3o voltar a estar ligado \u00e0 actividade pol\u00edtica, depois de ter passado aqui como vereador. Em determinada altura, h\u00e1 mais de 20 anos, tive um per\u00edodo em que n\u00e3o estive aqui, mas continuei com a actividade pol\u00edtica. \u00c9 muito dif\u00edcil algu\u00e9m que ainda tem este bichinho da interven\u00e7\u00e3o social e pol\u00edtica, quem gosta de facto de trabalhar para a comunidade e fazer diferente e tem alguma ideia do que pode fazer de diferente, ter dificuldade em desligar-se disso.<\/p>\n<p><strong><span style=\"color: #999999;\">Fernando Lopes<\/span><\/strong><br \/>\n<span style=\"color: #999999;\">Qual \u00e9 o seu talento mais in\u00fatil? Aquele para o qual n\u00e3o tem mesmo jeitinho nenhum? Que j\u00e1 tentou, mas enfim\u2026<\/span><\/p>\n<p><strong>Paulo Piteira<\/strong><br \/>\nEu diria que desenhar. \u00c9 aquilo em que tenho menos habilidade.<\/p>\n<p><strong><span style=\"color: #999999;\">Lu\u00eds Vaz<\/span><\/strong><br \/>\n<span style=\"color: #999999;\">Mas j\u00e1 tentou?<\/span><\/p>\n<p><strong>Paulo Piteira<\/strong><br \/>\nJ\u00e1 tentei, como todos n\u00f3s.<\/p>\n<p><strong><span style=\"color: #999999;\">Lu\u00eds Vaz<\/span><\/strong><br \/>\n<span style=\"color: #999999;\">Qual \u00e9 a repreens\u00e3o que habitualmente lhe fazem em casa?<\/span><\/p>\n<p><strong>Paulo Piteira<\/strong><br \/>\n\u00c9 ser teimoso. \u00c9s muito teimoso \u2013 como se fosse poss\u00edvel a um teimoso teimar sozinho.<\/p>\n<p><strong><span style=\"color: #999999;\">Fernando Lopes<\/span><\/strong><br \/>\n<span style=\"color: #999999;\">Se n\u00e3o fosse vereador, seria eventualmente o qu\u00ea?<\/span><\/p>\n<p><strong>Paulo Piteira<\/strong><br \/>\nAcho que estava a trabalhar em qualquer coisa no dom\u00ednio da cultura. Como j\u00e1 disse, trabalhei durante v\u00e1rios anos na Editorial Caminho\u2026 N\u00e3o sei se estaria na Editorial Caminho, mas estaria com certeza ligado ao mundo dos livros. Se pudesse escolher, porque \u00e0s vezes a vida \u00e9 mais complicada do que os nossos desejos\u2026<\/p>\n<p><strong><span style=\"color: #999999;\">Lu\u00eds Vaz<\/span><\/strong><br \/>\n<span style=\"color: #999999;\">Foi, portanto, uma actividade de que gostou\u2026<\/span><\/p>\n<p><strong>Paulo Piteira<\/strong><br \/>\nSim, sim, muito.<\/p>\n<p><strong><span style=\"color: #999999;\">Lu\u00eds Vaz<\/span><\/strong><br \/>\n<span style=\"color: #999999;\">A SFUP tem um lema que tem cerca de 20 anos: \u201cSFUP \u2013 Uma porta aberta para a cultura\u201d. Acha que a associa\u00e7\u00e3o faz justi\u00e7a ao lema?<\/span><\/p>\n<p><strong>Paulo Piteira<\/strong><br \/>\nAcho que sim, acho que sim. \u00c9 uma daquelas associa\u00e7\u00f5es, \u00e0 semelhan\u00e7a de outras, n\u00e3o \u00e9 caso \u00fanico felizmente no concelho, e ainda bem que assim \u00e9, que tem tido uma actividade continuada em v\u00e1rios dom\u00ednios, e sempre com uma grande preocupa\u00e7\u00e3o de integrar pessoas e acho que o tem feito com sucesso e com um projecto para o imediato e para o futuro. Na SFUP percebe-se que h\u00e1 uma linha de continuidade e h\u00e1 um projecto claro, desenhado, a prazo, e tem havido a capacidade de envolver a comunidade e essa \u00e9 a raz\u00e3o primeira do movimento associativo. Acho que t\u00eam feito um excelente trabalho.<\/p>\n<p><strong><span style=\"color: #999999;\">Lu\u00eds Vaz<\/span><\/strong><br \/>\n<span style=\"color: #999999;\">Bem, estamos mesmo a terminar, j\u00e1 n\u00e3o falta muito. E h\u00e1 uma coisa que me deixa sempre uma d\u00favida nas figuras p\u00fablicas, como \u00e9 o seu caso.<\/span><\/p>\n<p>(Paulo Piteira duvida.)<\/p>\n<p><strong><span style=\"color: #999999;\">Lu\u00eds Vaz<\/span><\/strong><br \/>\n<span style=\"color: #999999;\">Pelo menos, aqui em Loures \u00e9 uma figura p\u00fablica. Sardinhas assadas ou frango no churrasco\u2026 Com faca e garfo ou pode-se comer \u00e0 m\u00e3o?<\/span><\/p>\n<p><strong>Paulo Piteira<\/strong><br \/>\nPode-se seguramente comer \u00e0 m\u00e3o cada uma dessas coisas e \u00e9 agrad\u00e1vel. J\u00e1 me aconteceu comer \u00e0 m\u00e3o ou de faca e garfo e gosto das duas maneiras.<\/p>\n<p><strong><span style=\"color: #999999;\">Fernando Lopes<\/span><\/strong><br \/>\n<span style=\"color: #999999;\">Bom, termin\u00e1mos.<\/span><\/p>\n<p><strong>Paulo Piteira<\/strong><br \/>\nQueria mandar uma mensagem de grande confian\u00e7a aos associados da SFUP. Estamos todos a passar por um momento muito dif\u00edcil, nesta altura, que nos virou a vida um bocadinho do avesso, mas acho que temos que come\u00e7ar a dar a volta \u00e0s coisas, e acho que \u00e9 de saudar o facto da SFUP estar outra vez com grande for\u00e7a e pode continuar a contar com o nosso apoio nesse esfor\u00e7o. Acho que temos de recome\u00e7ar a viver em comunidade uns com os outros, com os cuidados e com a seguran\u00e7a que nos \u00e9 exigida, mas n\u00e3o podemos deixar de ser seres humanos e fazer aquilo que \u00e9 importante.<\/p>\n<p><strong><span style=\"color: #000000;\"><em>Entrevista realizada por Lu\u00eds Vaz e Fernando Lopes e transcrita por Lu\u00eds Vaz (O autor segue o acordo ortogr\u00e1fico de 1945\/antigo acordo ortogr\u00e1fico).<\/em><\/span><\/strong><\/p>\n","protected":false},"excerpt":{"rendered":"<p>No final do ano passado, sent\u00e1mo-nos com Paulo Piteira, Vice-Presidente da C\u00e2mara Municipal de Loures e Vereador da Cultura, e fizemos-lhe algumas\u00a0perguntas&#8230;umas mais decentes que outras.\u00a0 Lu\u00eds Vaz O vice-presidente [&hellip;]<\/p>\n","protected":false},"author":11,"featured_media":5743,"comment_status":"closed","ping_status":"open","sticky":false,"template":"","format":"standard","meta":{"footnotes":""},"categories":[5],"tags":[130,129,127,128],"class_list":["post-5741","post","type-post","status-publish","format-standard","has-post-thumbnail","hentry","category-noticias","tag-a-conversa-com","tag-camara-municipal-de-loures","tag-entrevista","tag-paulo-piteira"],"_links":{"self":[{"href":"https:\/\/www.sfup.org\/sfupwp\/wp-json\/wp\/v2\/posts\/5741","targetHints":{"allow":["GET"]}}],"collection":[{"href":"https:\/\/www.sfup.org\/sfupwp\/wp-json\/wp\/v2\/posts"}],"about":[{"href":"https:\/\/www.sfup.org\/sfupwp\/wp-json\/wp\/v2\/types\/post"}],"author":[{"embeddable":true,"href":"https:\/\/www.sfup.org\/sfupwp\/wp-json\/wp\/v2\/users\/11"}],"replies":[{"embeddable":true,"href":"https:\/\/www.sfup.org\/sfupwp\/wp-json\/wp\/v2\/comments?post=5741"}],"version-history":[{"count":7,"href":"https:\/\/www.sfup.org\/sfupwp\/wp-json\/wp\/v2\/posts\/5741\/revisions"}],"predecessor-version":[{"id":5749,"href":"https:\/\/www.sfup.org\/sfupwp\/wp-json\/wp\/v2\/posts\/5741\/revisions\/5749"}],"wp:featuredmedia":[{"embeddable":true,"href":"https:\/\/www.sfup.org\/sfupwp\/wp-json\/wp\/v2\/media\/5743"}],"wp:attachment":[{"href":"https:\/\/www.sfup.org\/sfupwp\/wp-json\/wp\/v2\/media?parent=5741"}],"wp:term":[{"taxonomy":"category","embeddable":true,"href":"https:\/\/www.sfup.org\/sfupwp\/wp-json\/wp\/v2\/categories?post=5741"},{"taxonomy":"post_tag","embeddable":true,"href":"https:\/\/www.sfup.org\/sfupwp\/wp-json\/wp\/v2\/tags?post=5741"}],"curies":[{"name":"wp","href":"https:\/\/api.w.org\/{rel}","templated":true}]}}