{"id":5595,"date":"2018-09-03T14:43:28","date_gmt":"2018-09-03T13:43:28","guid":{"rendered":"http:\/\/www.sfup.org\/sfupwp\/?p=5595"},"modified":"2026-04-18T00:33:30","modified_gmt":"2026-04-17T23:33:30","slug":"concerto-orquestrup","status":"publish","type":"post","link":"https:\/\/www.sfup.org\/sfupwp\/concerto-orquestrup\/","title":{"rendered":"Concerto &#8211; Orquestr&#8217;UP"},"content":{"rendered":"<p>A <a href=\"https:\/\/www.facebook.com\/Orquestrup\/\" target=\"_blank\" rel=\"noopener\">Orquestr&#8217;UP <\/a>come\u00e7ar\u00e1 a \u00e9poca 2018\/2019 com um concerto no Coreto de Loures!<\/p>\n<p><a href=\"https:\/\/www.sfup.org\/sfupwp\/wp-content\/uploads\/2018\/09\/Sem-T\u00edtulo.png\"><img fetchpriority=\"high\" decoding=\"async\" class=\"alignnone size-full wp-image-5596\" src=\"https:\/\/www.sfup.org\/sfupwp\/wp-content\/uploads\/2018\/09\/Sem-T\u00edtulo.png\" alt=\"Sem T\u00edtulo\" width=\"1103\" height=\"1524\" srcset=\"https:\/\/www.sfup.org\/sfupwp\/wp-content\/uploads\/2018\/09\/Sem-T\u00edtulo.png 1103w, https:\/\/www.sfup.org\/sfupwp\/wp-content\/uploads\/2018\/09\/Sem-T\u00edtulo-217x300.png 217w, https:\/\/www.sfup.org\/sfupwp\/wp-content\/uploads\/2018\/09\/Sem-T\u00edtulo-741x1024.png 741w, https:\/\/www.sfup.org\/sfupwp\/wp-content\/uploads\/2018\/09\/Sem-T\u00edtulo-768x1061.png 768w\" sizes=\"(max-width: 1103px) 100vw, 1103px\" \/><\/a><\/p>\n","protected":false},"excerpt":{"rendered":"<p>A Orquestr&#8217;UP come\u00e7ar\u00e1 a \u00e9poca 2018\/2019 com um concerto no Coreto de Loures!<\/p>\n","protected":false},"author":11,"featured_media":5596,"comment_status":"closed","ping_status":"open","sticky":false,"template":"","format":"standard","meta":{"footnotes":""},"categories":[5],"tags":[97,105,94,96,95],"class_list":["post-5595","post","type-post","status-publish","format-standard","has-post-thumbnail","hentry","category-noticias","tag-concerto","tag-espetaculo","tag-festa","tag-musica","tag-orquestrup"],"_links":{"self":[{"href":"https:\/\/www.sfup.org\/sfupwp\/wp-json\/wp\/v2\/posts\/5595","targetHints":{"allow":["GET"]}}],"collection":[{"href":"https:\/\/www.sfup.org\/sfupwp\/wp-json\/wp\/v2\/posts"}],"about":[{"href":"https:\/\/www.sfup.org\/sfupwp\/wp-json\/wp\/v2\/types\/post"}],"author":[{"embeddable":true,"href":"https:\/\/www.sfup.org\/sfupwp\/wp-json\/wp\/v2\/users\/11"}],"replies":[{"embeddable":true,"href":"https:\/\/www.sfup.org\/sfupwp\/wp-json\/wp\/v2\/comments?post=5595"}],"version-history":[{"count":1,"href":"https:\/\/www.sfup.org\/sfupwp\/wp-json\/wp\/v2\/posts\/5595\/revisions"}],"predecessor-version":[{"id":5597,"href":"https:\/\/www.sfup.org\/sfupwp\/wp-json\/wp\/v2\/posts\/5595\/revisions\/5597"}],"wp:featuredmedia":[{"embeddable":true,"href":"https:\/\/www.sfup.org\/sfupwp\/wp-json\/wp\/v2\/media\/5596"}],"wp:attachment":[{"href":"https:\/\/www.sfup.org\/sfupwp\/wp-json\/wp\/v2\/media?parent=5595"}],"wp:term":[{"taxonomy":"category","embeddable":true,"href":"https:\/\/www.sfup.org\/sfupwp\/wp-json\/wp\/v2\/categories?post=5595"},{"taxonomy":"post_tag","embeddable":true,"href":"https:\/\/www.sfup.org\/sfupwp\/wp-json\/wp\/v2\/tags?post=5595"}],"curies":[{"name":"wp","href":"https:\/\/api.w.org\/{rel}","templated":true}]}}