{"id":5540,"date":"2018-04-04T18:36:08","date_gmt":"2018-04-04T17:36:08","guid":{"rendered":"http:\/\/www.sfup.org\/sfupwp\/?p=5540"},"modified":"2026-04-18T00:34:04","modified_gmt":"2026-04-17T23:34:04","slug":"reflorestar-lourical-do-campo","status":"publish","type":"post","link":"https:\/\/www.sfup.org\/sfupwp\/reflorestar-lourical-do-campo\/","title":{"rendered":"Reflorestar Louri\u00e7al do Campo"},"content":{"rendered":"<p>No dia 17 de mar\u00e7o de 2018, a SFUP levou a Orquestr&#8217;UP, o Teatr&#8217;UP e o Chorus&#8217;UP at\u00e9 Louri\u00e7al do Campo para oferecer tr\u00eas espet\u00e1culos e participar na refloresta\u00e7\u00e3o daquela \u00e1rea, ardida em 2017.<\/p>\n<p><img fetchpriority=\"high\" decoding=\"async\" class=\"alignnone size-full wp-image-5543\" src=\"https:\/\/www.sfup.org\/sfupwp\/wp-content\/uploads\/2018\/04\/28701632_812624852263089_7510412009226585406_o.jpg\" alt=\"28701632_812624852263089_7510412009226585406_o\" width=\"1944\" height=\"1296\" srcset=\"https:\/\/www.sfup.org\/sfupwp\/wp-content\/uploads\/2018\/04\/28701632_812624852263089_7510412009226585406_o.jpg 1944w, https:\/\/www.sfup.org\/sfupwp\/wp-content\/uploads\/2018\/04\/28701632_812624852263089_7510412009226585406_o-300x200.jpg 300w, https:\/\/www.sfup.org\/sfupwp\/wp-content\/uploads\/2018\/04\/28701632_812624852263089_7510412009226585406_o-1024x683.jpg 1024w, https:\/\/www.sfup.org\/sfupwp\/wp-content\/uploads\/2018\/04\/28701632_812624852263089_7510412009226585406_o-768x512.jpg 768w, https:\/\/www.sfup.org\/sfupwp\/wp-content\/uploads\/2018\/04\/28701632_812624852263089_7510412009226585406_o-1536x1024.jpg 1536w\" sizes=\"(max-width: 1944px) 100vw, 1944px\" \/><img decoding=\"async\" class=\"alignnone size-full wp-image-5542\" src=\"https:\/\/www.sfup.org\/sfupwp\/wp-content\/uploads\/2018\/04\/28701145_812625755596332_1017071643609057434_o.jpg\" alt=\"28701145_812625755596332_1017071643609057434_o\" width=\"1944\" height=\"1296\" srcset=\"https:\/\/www.sfup.org\/sfupwp\/wp-content\/uploads\/2018\/04\/28701145_812625755596332_1017071643609057434_o.jpg 1944w, https:\/\/www.sfup.org\/sfupwp\/wp-content\/uploads\/2018\/04\/28701145_812625755596332_1017071643609057434_o-300x200.jpg 300w, https:\/\/www.sfup.org\/sfupwp\/wp-content\/uploads\/2018\/04\/28701145_812625755596332_1017071643609057434_o-1024x683.jpg 1024w, https:\/\/www.sfup.org\/sfupwp\/wp-content\/uploads\/2018\/04\/28701145_812625755596332_1017071643609057434_o-768x512.jpg 768w, https:\/\/www.sfup.org\/sfupwp\/wp-content\/uploads\/2018\/04\/28701145_812625755596332_1017071643609057434_o-1536x1024.jpg 1536w\" sizes=\"(max-width: 1944px) 100vw, 1944px\" \/><img decoding=\"async\" class=\"alignnone size-full wp-image-5541\" src=\"https:\/\/www.sfup.org\/sfupwp\/wp-content\/uploads\/2018\/04\/28953844_812625112263063_5719284533460442567_o.jpg\" alt=\"28953844_812625112263063_5719284533460442567_o\" width=\"1944\" height=\"1296\" srcset=\"https:\/\/www.sfup.org\/sfupwp\/wp-content\/uploads\/2018\/04\/28953844_812625112263063_5719284533460442567_o.jpg 1944w, https:\/\/www.sfup.org\/sfupwp\/wp-content\/uploads\/2018\/04\/28953844_812625112263063_5719284533460442567_o-300x200.jpg 300w, https:\/\/www.sfup.org\/sfupwp\/wp-content\/uploads\/2018\/04\/28953844_812625112263063_5719284533460442567_o-1024x683.jpg 1024w, https:\/\/www.sfup.org\/sfupwp\/wp-content\/uploads\/2018\/04\/28953844_812625112263063_5719284533460442567_o-768x512.jpg 768w, https:\/\/www.sfup.org\/sfupwp\/wp-content\/uploads\/2018\/04\/28953844_812625112263063_5719284533460442567_o-1536x1024.jpg 1536w\" sizes=\"(max-width: 1944px) 100vw, 1944px\" \/><\/p>\n","protected":false},"excerpt":{"rendered":"<p>No dia 17 de mar\u00e7o de 2018, a SFUP levou a Orquestr&#8217;UP, o Teatr&#8217;UP e o Chorus&#8217;UP at\u00e9 Louri\u00e7al do Campo para oferecer tr\u00eas espet\u00e1culos e participar na refloresta\u00e7\u00e3o daquela [&hellip;]<\/p>\n","protected":false},"author":11,"featured_media":5543,"comment_status":"closed","ping_status":"open","sticky":false,"template":"","format":"standard","meta":{"footnotes":""},"categories":[5],"tags":[98,97,111,105,94,96,95,119,120,104,92],"class_list":["post-5540","post","type-post","status-publish","format-standard","has-post-thumbnail","hentry","category-noticias","tag-chorusup","tag-concerto","tag-coro","tag-espetaculo","tag-festa","tag-musica","tag-orquestrup","tag-reflorestacao","tag-solidariedade","tag-teatrup","tag-teatro"],"_links":{"self":[{"href":"https:\/\/www.sfup.org\/sfupwp\/wp-json\/wp\/v2\/posts\/5540","targetHints":{"allow":["GET"]}}],"collection":[{"href":"https:\/\/www.sfup.org\/sfupwp\/wp-json\/wp\/v2\/posts"}],"about":[{"href":"https:\/\/www.sfup.org\/sfupwp\/wp-json\/wp\/v2\/types\/post"}],"author":[{"embeddable":true,"href":"https:\/\/www.sfup.org\/sfupwp\/wp-json\/wp\/v2\/users\/11"}],"replies":[{"embeddable":true,"href":"https:\/\/www.sfup.org\/sfupwp\/wp-json\/wp\/v2\/comments?post=5540"}],"version-history":[{"count":1,"href":"https:\/\/www.sfup.org\/sfupwp\/wp-json\/wp\/v2\/posts\/5540\/revisions"}],"predecessor-version":[{"id":5544,"href":"https:\/\/www.sfup.org\/sfupwp\/wp-json\/wp\/v2\/posts\/5540\/revisions\/5544"}],"wp:featuredmedia":[{"embeddable":true,"href":"https:\/\/www.sfup.org\/sfupwp\/wp-json\/wp\/v2\/media\/5543"}],"wp:attachment":[{"href":"https:\/\/www.sfup.org\/sfupwp\/wp-json\/wp\/v2\/media?parent=5540"}],"wp:term":[{"taxonomy":"category","embeddable":true,"href":"https:\/\/www.sfup.org\/sfupwp\/wp-json\/wp\/v2\/categories?post=5540"},{"taxonomy":"post_tag","embeddable":true,"href":"https:\/\/www.sfup.org\/sfupwp\/wp-json\/wp\/v2\/tags?post=5540"}],"curies":[{"name":"wp","href":"https:\/\/api.w.org\/{rel}","templated":true}]}}