{"id":5327,"date":"2017-03-14T10:47:06","date_gmt":"2017-03-14T09:47:06","guid":{"rendered":"http:\/\/www.sfup.org\/sfupwp\/?p=5327"},"modified":"2026-04-18T00:34:50","modified_gmt":"2026-04-17T23:34:50","slug":"14o-aniversario-orquestrup","status":"publish","type":"post","link":"https:\/\/www.sfup.org\/sfupwp\/14o-aniversario-orquestrup\/","title":{"rendered":"14\u00ba Anivers\u00e1rio &#8211; Orquestr&#8217;UP"},"content":{"rendered":"<p>A Orquestr&#8217;UP comemorar\u00e1 o seu 14\u00ba anivers\u00e1rio, contando com a participa\u00e7\u00e3o das orquestras convidadas:<\/p>\n<ul>\n<li>SwingSAMP &#8211; Leiria<\/li>\n<li>Orquestra Ligeira da SIM &#8211; Palmela<\/li>\n<\/ul>\n<p>A entrada ser\u00e1 livre e o evento ter\u00e1 in\u00edcio \u00e0s 15h30.<\/p>\n<p><img fetchpriority=\"high\" decoding=\"async\" class=\"aligncenter wp-image-5328 size-large\" src=\"https:\/\/www.sfup.org\/sfupwp\/wp-content\/uploads\/2017\/03\/14-anos-orquestrup-A4-723x1024.jpg\" alt=\"14 anos orquestrup A4\" width=\"723\" height=\"1024\" srcset=\"https:\/\/www.sfup.org\/sfupwp\/wp-content\/uploads\/2017\/03\/14-anos-orquestrup-A4-723x1024.jpg 723w, https:\/\/www.sfup.org\/sfupwp\/wp-content\/uploads\/2017\/03\/14-anos-orquestrup-A4-212x300.jpg 212w, https:\/\/www.sfup.org\/sfupwp\/wp-content\/uploads\/2017\/03\/14-anos-orquestrup-A4-768x1088.jpg 768w, https:\/\/www.sfup.org\/sfupwp\/wp-content\/uploads\/2017\/03\/14-anos-orquestrup-A4-1084x1536.jpg 1084w, https:\/\/www.sfup.org\/sfupwp\/wp-content\/uploads\/2017\/03\/14-anos-orquestrup-A4-1446x2048.jpg 1446w, https:\/\/www.sfup.org\/sfupwp\/wp-content\/uploads\/2017\/03\/14-anos-orquestrup-A4-scaled.jpg 1807w\" sizes=\"(max-width: 723px) 100vw, 723px\" \/><\/p>\n","protected":false},"excerpt":{"rendered":"<p>A Orquestr&#8217;UP comemorar\u00e1 o seu 14\u00ba anivers\u00e1rio, contando com a participa\u00e7\u00e3o das orquestras convidadas: SwingSAMP &#8211; Leiria Orquestra Ligeira da SIM &#8211; Palmela A entrada ser\u00e1 livre e o evento [&hellip;]<\/p>\n","protected":false},"author":11,"featured_media":5328,"comment_status":"closed","ping_status":"open","sticky":false,"template":"","format":"standard","meta":{"footnotes":""},"categories":[5],"tags":[108,105,94,96,95],"class_list":["post-5327","post","type-post","status-publish","format-standard","has-post-thumbnail","hentry","category-noticias","tag-aniversario","tag-espetaculo","tag-festa","tag-musica","tag-orquestrup"],"_links":{"self":[{"href":"https:\/\/www.sfup.org\/sfupwp\/wp-json\/wp\/v2\/posts\/5327","targetHints":{"allow":["GET"]}}],"collection":[{"href":"https:\/\/www.sfup.org\/sfupwp\/wp-json\/wp\/v2\/posts"}],"about":[{"href":"https:\/\/www.sfup.org\/sfupwp\/wp-json\/wp\/v2\/types\/post"}],"author":[{"embeddable":true,"href":"https:\/\/www.sfup.org\/sfupwp\/wp-json\/wp\/v2\/users\/11"}],"replies":[{"embeddable":true,"href":"https:\/\/www.sfup.org\/sfupwp\/wp-json\/wp\/v2\/comments?post=5327"}],"version-history":[{"count":1,"href":"https:\/\/www.sfup.org\/sfupwp\/wp-json\/wp\/v2\/posts\/5327\/revisions"}],"predecessor-version":[{"id":5329,"href":"https:\/\/www.sfup.org\/sfupwp\/wp-json\/wp\/v2\/posts\/5327\/revisions\/5329"}],"wp:featuredmedia":[{"embeddable":true,"href":"https:\/\/www.sfup.org\/sfupwp\/wp-json\/wp\/v2\/media\/5328"}],"wp:attachment":[{"href":"https:\/\/www.sfup.org\/sfupwp\/wp-json\/wp\/v2\/media?parent=5327"}],"wp:term":[{"taxonomy":"category","embeddable":true,"href":"https:\/\/www.sfup.org\/sfupwp\/wp-json\/wp\/v2\/categories?post=5327"},{"taxonomy":"post_tag","embeddable":true,"href":"https:\/\/www.sfup.org\/sfupwp\/wp-json\/wp\/v2\/tags?post=5327"}],"curies":[{"name":"wp","href":"https:\/\/api.w.org\/{rel}","templated":true}]}}