{"id":5062,"date":"2016-10-03T00:20:47","date_gmt":"2016-10-02T23:20:47","guid":{"rendered":"http:\/\/reading.sfup.org\/?p=5062"},"modified":"2026-04-18T00:35:18","modified_gmt":"2026-04-17T23:35:18","slug":"festa-n-sra-do-cabo-em-loures-2016","status":"publish","type":"post","link":"https:\/\/www.sfup.org\/sfupwp\/festa-n-sra-do-cabo-em-loures-2016\/","title":{"rendered":"Festa N. Sra do Cabo em Loures"},"content":{"rendered":"<p>A SFUP participou nas festas da N. Sra do Cabo em Loures com um concerto da Orquestr&#8217;UP no dia de abertura,\u00a0um concerto do Chorus&#8217;UP no dia seguinte e com a a atua\u00e7\u00e3o da Commedia Dell&#8217;Arte &#8220;A Esperteza do Criado Zanni&#8221; no dia 9.<\/p>\n<p>Com estas tr\u00eas apresenta\u00e7\u00f5es, a SFUP mostrou algumas das suas principais atividades e proporcionou tr\u00eas dias de cultura nesta grande festa!<\/p>\n<p><img fetchpriority=\"high\" decoding=\"async\" class=\"size-medium wp-image-5266 aligncenter\" src=\"http:\/\/reading.sfup.org\/wp-content\/uploads\/2016\/10\/14639666_2253529928118647_4365954647483342490_n-200x300.jpg\" alt=\"14639666_2253529928118647_4365954647483342490_n\" width=\"200\" height=\"300\" srcset=\"https:\/\/www.sfup.org\/sfupwp\/wp-content\/uploads\/2016\/10\/14639666_2253529928118647_4365954647483342490_n-200x300.jpg 200w, https:\/\/www.sfup.org\/sfupwp\/wp-content\/uploads\/2016\/10\/14639666_2253529928118647_4365954647483342490_n.jpg 640w\" sizes=\"(max-width: 200px) 100vw, 200px\" \/> <img decoding=\"async\" class=\"size-medium wp-image-5267 aligncenter\" src=\"http:\/\/reading.sfup.org\/wp-content\/uploads\/2016\/10\/14591660_560090397516537_2195229904245808623_n-300x200.jpg\" alt=\"14591660_560090397516537_2195229904245808623_n\" width=\"300\" height=\"200\" srcset=\"https:\/\/www.sfup.org\/sfupwp\/wp-content\/uploads\/2016\/10\/14591660_560090397516537_2195229904245808623_n-300x200.jpg 300w, https:\/\/www.sfup.org\/sfupwp\/wp-content\/uploads\/2016\/10\/14591660_560090397516537_2195229904245808623_n-768x512.jpg 768w, https:\/\/www.sfup.org\/sfupwp\/wp-content\/uploads\/2016\/10\/14591660_560090397516537_2195229904245808623_n.jpg 960w\" sizes=\"(max-width: 300px) 100vw, 300px\" \/><\/p>\n","protected":false},"excerpt":{"rendered":"<p>A SFUP participou nas festas da N. Sra do Cabo em Loures com um concerto da Orquestr&#8217;UP no dia de abertura,\u00a0um concerto do Chorus&#8217;UP no dia seguinte e com a [&hellip;]<\/p>\n","protected":false},"author":11,"featured_media":5063,"comment_status":"closed","ping_status":"open","sticky":false,"template":"","format":"standard","meta":{"footnotes":""},"categories":[5],"tags":[],"class_list":["post-5062","post","type-post","status-publish","format-standard","has-post-thumbnail","hentry","category-noticias"],"_links":{"self":[{"href":"https:\/\/www.sfup.org\/sfupwp\/wp-json\/wp\/v2\/posts\/5062","targetHints":{"allow":["GET"]}}],"collection":[{"href":"https:\/\/www.sfup.org\/sfupwp\/wp-json\/wp\/v2\/posts"}],"about":[{"href":"https:\/\/www.sfup.org\/sfupwp\/wp-json\/wp\/v2\/types\/post"}],"author":[{"embeddable":true,"href":"https:\/\/www.sfup.org\/sfupwp\/wp-json\/wp\/v2\/users\/11"}],"replies":[{"embeddable":true,"href":"https:\/\/www.sfup.org\/sfupwp\/wp-json\/wp\/v2\/comments?post=5062"}],"version-history":[{"count":5,"href":"https:\/\/www.sfup.org\/sfupwp\/wp-json\/wp\/v2\/posts\/5062\/revisions"}],"predecessor-version":[{"id":5270,"href":"https:\/\/www.sfup.org\/sfupwp\/wp-json\/wp\/v2\/posts\/5062\/revisions\/5270"}],"wp:featuredmedia":[{"embeddable":true,"href":"https:\/\/www.sfup.org\/sfupwp\/wp-json\/wp\/v2\/media\/5063"}],"wp:attachment":[{"href":"https:\/\/www.sfup.org\/sfupwp\/wp-json\/wp\/v2\/media?parent=5062"}],"wp:term":[{"taxonomy":"category","embeddable":true,"href":"https:\/\/www.sfup.org\/sfupwp\/wp-json\/wp\/v2\/categories?post=5062"},{"taxonomy":"post_tag","embeddable":true,"href":"https:\/\/www.sfup.org\/sfupwp\/wp-json\/wp\/v2\/tags?post=5062"}],"curies":[{"name":"wp","href":"https:\/\/api.w.org\/{rel}","templated":true}]}}