{"id":25497,"date":"2026-04-24T14:42:11","date_gmt":"2026-04-24T13:42:11","guid":{"rendered":"https:\/\/www.sfup.org\/sfupwp\/?p=25497"},"modified":"2026-04-24T17:13:45","modified_gmt":"2026-04-24T16:13:45","slug":"doze-locais-para-aproveitar-ao-maximo-o-25-de-abril-com-musica-fogo-de-artificio-e-muita-historia","status":"publish","type":"post","link":"https:\/\/www.sfup.org\/sfupwp\/doze-locais-para-aproveitar-ao-maximo-o-25-de-abril-com-musica-fogo-de-artificio-e-muita-historia\/","title":{"rendered":"Doze locais para aproveitar ao m\u00e1ximo o 25 de Abril com m\u00fasica, fogo de artif\u00edcio e muita Hist\u00f3ria"},"content":{"rendered":"<h3>Loures tem hip-hop e a Hist\u00f3ria revisitada<\/h3>\n<p>Em Loures, no 25 de Abril realiza-se a sess\u00e3o solene da Assembleia Municipal e um espet\u00e1culo musical, \u00e0s 19.30 horas. O pavilh\u00e3o Paz e Amizade recebe o espet\u00e1culo de hip-hop &#8220;Um Passo para a Liberdade&#8221;, criado pela Sociedade Filarm\u00f3nica Uni\u00e3o Pinheirense com mais de quatro dezenas de jovens int\u00e9rpretes. A apresenta\u00e7\u00e3o &#8220;revisita, em quatro cap\u00edtulos, o Estado Novo, a resist\u00eancia e a revolu\u00e7\u00e3o atrav\u00e9s da for\u00e7a expressiva da dan\u00e7a urbana&#8221;, explica a autarquia. A iniciativa vai terminar, a 27 de maio, com a ida de equipas dos museus de Loures a escolas do concelho para abordarem o tema do per\u00edodo da Hist\u00f3ria entre o golpe de 28 de Maio de 1926, que instaurou a ditadura, e o dia 25 de Abril de 1974.<\/p>\n<p><em>In JN &#8211; 21 de abril 2026<\/em><\/p>\n<p>Ver not\u00edcia completa <span style=\"color: #307fe2;\"><a style=\"color: #307fe2;\" href=\"https:\/\/www.jn.pt\/amp\/18075441\/doze-locais-para-aproveitar-ao-maximo-o-25-de-abril-com-musica-fogo-de-artificio-e-muita-historia\" target=\"_blank\" rel=\"noopener\">AQUI<\/a><\/span><\/p>\n<p>&nbsp;<\/p>\n","protected":false},"excerpt":{"rendered":"<p>Loures tem hip-hop e a Hist\u00f3ria revisitada Em Loures, no 25 de Abril realiza-se a sess\u00e3o solene da Assembleia Municipal e um espet\u00e1culo musical, \u00e0s 19.30 horas. O pavilh\u00e3o Paz [&hellip;]<\/p>\n","protected":false},"author":11,"featured_media":25498,"comment_status":"closed","ping_status":"open","sticky":false,"template":"","format":"standard","meta":{"footnotes":""},"categories":[5],"tags":[],"class_list":["post-25497","post","type-post","status-publish","format-standard","has-post-thumbnail","hentry","category-noticias"],"_links":{"self":[{"href":"https:\/\/www.sfup.org\/sfupwp\/wp-json\/wp\/v2\/posts\/25497","targetHints":{"allow":["GET"]}}],"collection":[{"href":"https:\/\/www.sfup.org\/sfupwp\/wp-json\/wp\/v2\/posts"}],"about":[{"href":"https:\/\/www.sfup.org\/sfupwp\/wp-json\/wp\/v2\/types\/post"}],"author":[{"embeddable":true,"href":"https:\/\/www.sfup.org\/sfupwp\/wp-json\/wp\/v2\/users\/11"}],"replies":[{"embeddable":true,"href":"https:\/\/www.sfup.org\/sfupwp\/wp-json\/wp\/v2\/comments?post=25497"}],"version-history":[{"count":4,"href":"https:\/\/www.sfup.org\/sfupwp\/wp-json\/wp\/v2\/posts\/25497\/revisions"}],"predecessor-version":[{"id":25535,"href":"https:\/\/www.sfup.org\/sfupwp\/wp-json\/wp\/v2\/posts\/25497\/revisions\/25535"}],"wp:featuredmedia":[{"embeddable":true,"href":"https:\/\/www.sfup.org\/sfupwp\/wp-json\/wp\/v2\/media\/25498"}],"wp:attachment":[{"href":"https:\/\/www.sfup.org\/sfupwp\/wp-json\/wp\/v2\/media?parent=25497"}],"wp:term":[{"taxonomy":"category","embeddable":true,"href":"https:\/\/www.sfup.org\/sfupwp\/wp-json\/wp\/v2\/categories?post=25497"},{"taxonomy":"post_tag","embeddable":true,"href":"https:\/\/www.sfup.org\/sfupwp\/wp-json\/wp\/v2\/tags?post=25497"}],"curies":[{"name":"wp","href":"https:\/\/api.w.org\/{rel}","templated":true}]}}